{"id":4516,"date":"2023-07-03T13:45:37","date_gmt":"2023-07-03T11:45:37","guid":{"rendered":"http:\/\/vivalavidabuena.com\/?p=4516"},"modified":"2023-07-03T14:13:53","modified_gmt":"2023-07-03T12:13:53","slug":"palmeral-de-elche","status":"publish","type":"post","link":"https:\/\/vivalavidabuena.com\/es\/palmeral-de-elche\/","title":{"rendered":"Palmeral de Elche"},"content":{"rendered":"<p>El Palmeral de Elche es uno de los mayores palmerales de Europa. El hist\u00f3rico Palmeral de Elche est\u00e1 declarado Patrimonio de la Humanidad por la UNESCO. Contiene cerca de 200.000 palmeras datileras, algunas de las cuales han crecido espont\u00e1neamente. Aunque la mayor\u00eda fueron plantadas por el hombre a lo largo de los siglos. La peculiar forma de su trazado dio lugar a numerosos huertos, de los que a\u00fan se conservan casi un centenar. <\/p>\n\n\n\n<p>Este jard\u00edn de palmeras hoy consta de diferentes partes. Uno de los jardines m\u00e1s famosos y bellos es el Huerto del Cura, con cerca de 500 palmeras, entre ellas un ejemplar que es una aut\u00e9ntica rareza bot\u00e1nica: la conocida como \u201cPalmera Imperial\u201d.<\/p>\n\n\n\n<p>La ciudad de Elche fue fundada por los musulmanes, quienes dise\u00f1aron el Palmeral para aprovechar al m\u00e1ximo las condiciones h\u00eddricas extremadamente severas de la regi\u00f3n. Gracias a su importancia econ\u00f3mica, el gran oasis de Elche ha podido sobrevivir hasta nuestros d\u00edas.<\/p>\n\n\n\n<h4 class=\"wp-block-heading\">\u00bfQu\u00e9 m\u00e1s hacer en Elche?<\/h4>\n\n\n\n<p><a href=\"https:\/\/www.visitelche.com\/en\/\" target=\"_blank\" rel=\"noreferrer noopener\">Elche<\/a> es algo m\u00e1s que el Palmeral de Elche. Junto a las palmeras hay antiguas fortalezas y estructuras defensivas. Visita el casco antiguo de Elche y encontrar\u00e1s construcciones de diferentes \u00e9pocas, con estilos arquitect\u00f3nicos diversos, historias apasionantes y celebraciones populares. Justo en el centro se encuentra la Plaza de la Glorieta. All\u00ed se encuentra la famosa r\u00e9plica de la Dama de Elche y un \u00e1ngel que representa el Misterio de Elche. El misterio es un conocido drama que narra la Ascensi\u00f3n de la Virgen Mar\u00eda y que atrae a miles de turistas cada a\u00f1o.<\/p>\n\n\n\n<p>A 2 minutos andando se encuentra la plaza de la Merc\u00e9. De espaldas a la plaza, se alza el antiguo convento de Santa Luc\u00eda. Es un edificio de tres plantas con un bello claustro neocl\u00e1sico y portada de estilo renacentista. Fue ocupado durante a\u00f1os por las monjas de la orden de Santa Clara, aunque mucho antes fue un lugar predilecto por los musulmanes para el descanso.<\/p>\n\n\n\n<p>En los cimientos del convento se encuentran los Ba\u00f1os \u00c1rabes, con tres salas abovedadas (fr\u00eda, templada y caliente) y un camerino. Frente a la fachada del convento se alza la torre de la Calahorra, una atalaya isl\u00e1mica del siglo XII. Su ubicaci\u00f3n, junto a la principal v\u00eda de acceso desde Alicante, aseguraba la defensa de la ciudad.<\/p>\n\n\n\n<p>Al otro lado de la torre, la plaza de Santa Isabel invita a so\u00f1ar con su aire hist\u00f3rico. Aunque un poco m\u00e1s alejado que el resto de monumentos del centro, merece la pena acercarse al puente de Santa Teresa. El puente m\u00e1s antiguo de Elche y originalmente de madera.<\/p>\n\n\n\n<h4 class=\"wp-block-heading\">Bas\u00edlica de Santa Mar\u00eda de Elche<\/h4>\n\n\n\n<p>Construida sobre una antigua mezquita musulmana, la Bas\u00edlica de Elche re\u00fane estilos neocl\u00e1sico, barroco y renacentista. Tiene 3 portales tallados, 4 capillas y una gran c\u00fapula con tejas azules. M\u00e1s que el aspecto, es famoso por formar parte del escenario del Misterio de Elche.<\/p>\n\n\n\n<h4 class=\"wp-block-heading\">Palacio de Altamira<\/h4>\n\n\n\n<p>Tambi\u00e9n conocido como Alc\u00e1zar de la Se\u00f1or\u00eda, este castillo-palacio fue construido por el Se\u00f1or de Villena como residencia privada. Forma parte de la red defensiva de la ciudad. Por ello el edificio cuenta con torres cil\u00edndricas que protegen sus flancos y una torre m\u00e1s alta de cuatro lados para vigilar a cualquiera que se acerque. Se accede por el puente de Altamira y cruzando el r\u00edo Vinalop\u00f3. Arriba se puede ver desde este punto el colorido grafiti del Proyecto Vibora II. Ha llenado las laderas del r\u00edo con murales y arte urbano.<\/p>","protected":false},"excerpt":{"rendered":"<p>El Palmeral de Elche es uno de los mayores palmerales de Europa. La designaci\u00f3n del Patrimonio Mundial de la UNESCO contiene casi 200,000 palmeras datileras.<\/p>","protected":false},"author":13,"featured_media":4518,"comment_status":"closed","ping_status":"closed","sticky":false,"template":"","format":"standard","meta":{"_joinchat":[],"footnotes":""},"categories":[163,160],"tags":[169,274,275],"class_list":["post-4516","post","type-post","status-publish","format-standard","has-post-thumbnail","hentry","category-costa-blanca-see-and-do","category-travel-with-kids","tag-costa-blanca","tag-elche","tag-elx"],"_links":{"self":[{"href":"https:\/\/vivalavidabuena.com\/es\/wp-json\/wp\/v2\/posts\/4516","targetHints":{"allow":["GET"]}}],"collection":[{"href":"https:\/\/vivalavidabuena.com\/es\/wp-json\/wp\/v2\/posts"}],"about":[{"href":"https:\/\/vivalavidabuena.com\/es\/wp-json\/wp\/v2\/types\/post"}],"author":[{"embeddable":true,"href":"https:\/\/vivalavidabuena.com\/es\/wp-json\/wp\/v2\/users\/13"}],"replies":[{"embeddable":true,"href":"https:\/\/vivalavidabuena.com\/es\/wp-json\/wp\/v2\/comments?post=4516"}],"version-history":[{"count":3,"href":"https:\/\/vivalavidabuena.com\/es\/wp-json\/wp\/v2\/posts\/4516\/revisions"}],"predecessor-version":[{"id":4520,"href":"https:\/\/vivalavidabuena.com\/es\/wp-json\/wp\/v2\/posts\/4516\/revisions\/4520"}],"wp:featuredmedia":[{"embeddable":true,"href":"https:\/\/vivalavidabuena.com\/es\/wp-json\/wp\/v2\/media\/4518"}],"wp:attachment":[{"href":"https:\/\/vivalavidabuena.com\/es\/wp-json\/wp\/v2\/media?parent=4516"}],"wp:term":[{"taxonomy":"category","embeddable":true,"href":"https:\/\/vivalavidabuena.com\/es\/wp-json\/wp\/v2\/categories?post=4516"},{"taxonomy":"post_tag","embeddable":true,"href":"https:\/\/vivalavidabuena.com\/es\/wp-json\/wp\/v2\/tags?post=4516"}],"curies":[{"name":"wp","href":"https:\/\/api.w.org\/{rel}","templated":true}]}}